{"id":3842,"date":"2023-06-19T15:06:21","date_gmt":"2023-06-19T15:06:21","guid":{"rendered":"https:\/\/www.tsv-holzerode.de\/?p=3842"},"modified":"2023-06-19T15:06:45","modified_gmt":"2023-06-19T15:06:45","slug":"tennis-sommertag-2023","status":"publish","type":"post","link":"https:\/\/www.tsv-holzerode.de\/?p=3842","title":{"rendered":"Tennis-Sommertag 2023"},"content":{"rendered":"\n<p>Bei bestem Tenniswetter fand am Samstag der Tennis-Sommertag der Tennisabteilung statt. Zu Gast waren Hannah und Jannis vom Tennisverband Niedersachsen-Bremen. In ihrem Tennis-Mobil haben sie viele Trainingsger\u00e4te und Spielformen f\u00fcr die Kinder, welche das Tennistraining besuchen, mitgebracht. Den Kindern hat das besondere Training sehr viel Spa\u00df gemacht.<\/p>\n\n\n\n<p>Viele Eltern, Vereins- und Abteilungsmitglieder haben sich das Treiben auf den Tennispl\u00e4tzen bei Kuchen, Gegrilltem und k\u00fchlen Getr\u00e4nken gem\u00fctlich angeschaut.<\/p>\n\n\n\n<p>Das Kinder- und Jugendtraining findet immer <strong>Dienstags <\/strong>von <strong>16:00 &#8211; 19:00 Uhr<\/strong> statt. Wer Interesse daran hat, kann sich gerne melden!<\/p>\n\n\n\n<p>Mit sportlichen Gr\u00fc\u00dfen<\/p>\n\n\n\n<p>Simon Kaiser<br>Abteilungsleiter Tennis im TSV Holzerode<br>0163 258 1224<\/p>\n\n\n\n<p><a href=\"mailto:tennis@tsv-holzerode.de\">tennis@tsv-holzerode.de<\/a><\/p>\n\n\n\n<figure class=\"wp-block-image size-large is-resized\"><img loading=\"lazy\" decoding=\"async\" src=\"https:\/\/www.tsv-holzerode.de\/wp-content\/uploads\/2022\/03\/Part_4-1024x516.png\" alt=\"\" class=\"wp-image-3736\" width=\"209\" height=\"104\" srcset=\"https:\/\/www.tsv-holzerode.de\/wp-content\/uploads\/2022\/03\/Part_4-1024x516.png 1024w, https:\/\/www.tsv-holzerode.de\/wp-content\/uploads\/2022\/03\/Part_4-300x151.png 300w, https:\/\/www.tsv-holzerode.de\/wp-content\/uploads\/2022\/03\/Part_4-768x387.png 768w, https:\/\/www.tsv-holzerode.de\/wp-content\/uploads\/2022\/03\/Part_4-1536x774.png 1536w, https:\/\/www.tsv-holzerode.de\/wp-content\/uploads\/2022\/03\/Part_4.png 1700w\" sizes=\"auto, (max-width: 209px) 100vw, 209px\" \/><\/figure>\n\n\n\n<figure class=\"wp-block-gallery has-nested-images columns-default is-cropped wp-block-gallery-1 is-layout-flex wp-block-gallery-is-layout-flex\">\n<figure class=\"wp-block-image size-full\"><a href=\"https:\/\/www.tsv-holzerode.de\/wp-content\/uploads\/2023\/06\/IMG-20230619-WA0047.jpg\" target=\"_blank\" rel=\"noopener\"><img loading=\"lazy\" decoding=\"async\" width=\"1536\" height=\"2048\" data-id=\"3847\" src=\"https:\/\/www.tsv-holzerode.de\/wp-content\/uploads\/2023\/06\/IMG-20230619-WA0047.jpg\" alt=\"\" class=\"wp-image-3847\" srcset=\"https:\/\/www.tsv-holzerode.de\/wp-content\/uploads\/2023\/06\/IMG-20230619-WA0047.jpg 1536w, https:\/\/www.tsv-holzerode.de\/wp-content\/uploads\/2023\/06\/IMG-20230619-WA0047-225x300.jpg 225w, https:\/\/www.tsv-holzerode.de\/wp-content\/uploads\/2023\/06\/IMG-20230619-WA0047-768x1024.jpg 768w, https:\/\/www.tsv-holzerode.de\/wp-content\/uploads\/2023\/06\/IMG-20230619-WA0047-1152x1536.jpg 1152w\" sizes=\"auto, (max-width: 767px) 89vw, (max-width: 1000px) 54vw, (max-width: 1071px) 543px, 580px\" \/><\/a><\/figure>\n\n\n\n<figure class=\"wp-block-image size-full\"><a href=\"https:\/\/www.tsv-holzerode.de\/wp-content\/uploads\/2023\/06\/IMG-20230619-WA0053.jpg\" target=\"_blank\" rel=\"noopener\"><img loading=\"lazy\" decoding=\"async\" width=\"1536\" height=\"2048\" data-id=\"3851\" src=\"https:\/\/www.tsv-holzerode.de\/wp-content\/uploads\/2023\/06\/IMG-20230619-WA0053.jpg\" alt=\"\" class=\"wp-image-3851\" srcset=\"https:\/\/www.tsv-holzerode.de\/wp-content\/uploads\/2023\/06\/IMG-20230619-WA0053.jpg 1536w, https:\/\/www.tsv-holzerode.de\/wp-content\/uploads\/2023\/06\/IMG-20230619-WA0053-225x300.jpg 225w, https:\/\/www.tsv-holzerode.de\/wp-content\/uploads\/2023\/06\/IMG-20230619-WA0053-768x1024.jpg 768w, https:\/\/www.tsv-holzerode.de\/wp-content\/uploads\/2023\/06\/IMG-20230619-WA0053-1152x1536.jpg 1152w\" sizes=\"auto, (max-width: 767px) 89vw, (max-width: 1000px) 54vw, (max-width: 1071px) 543px, 580px\" \/><\/a><\/figure>\n\n\n\n<figure class=\"wp-block-image size-full\"><a href=\"https:\/\/www.tsv-holzerode.de\/wp-content\/uploads\/2023\/06\/IMG-20230619-WA0054.jpg\" target=\"_blank\" rel=\"noopener\"><img loading=\"lazy\" decoding=\"async\" width=\"1536\" height=\"2048\" data-id=\"3850\" src=\"https:\/\/www.tsv-holzerode.de\/wp-content\/uploads\/2023\/06\/IMG-20230619-WA0054.jpg\" alt=\"\" class=\"wp-image-3850\" srcset=\"https:\/\/www.tsv-holzerode.de\/wp-content\/uploads\/2023\/06\/IMG-20230619-WA0054.jpg 1536w, https:\/\/www.tsv-holzerode.de\/wp-content\/uploads\/2023\/06\/IMG-20230619-WA0054-225x300.jpg 225w, https:\/\/www.tsv-holzerode.de\/wp-content\/uploads\/2023\/06\/IMG-20230619-WA0054-768x1024.jpg 768w, https:\/\/www.tsv-holzerode.de\/wp-content\/uploads\/2023\/06\/IMG-20230619-WA0054-1152x1536.jpg 1152w\" sizes=\"auto, (max-width: 767px) 89vw, (max-width: 1000px) 54vw, (max-width: 1071px) 543px, 580px\" \/><\/a><\/figure>\n\n\n\n<figure class=\"wp-block-image size-full\"><a href=\"https:\/\/www.tsv-holzerode.de\/wp-content\/uploads\/2023\/06\/IMG-20230619-WA0068.jpg\" target=\"_blank\" rel=\"noopener\"><img loading=\"lazy\" decoding=\"async\" width=\"2048\" height=\"1536\" data-id=\"3843\" src=\"https:\/\/www.tsv-holzerode.de\/wp-content\/uploads\/2023\/06\/IMG-20230619-WA0068.jpg\" alt=\"\" class=\"wp-image-3843\" srcset=\"https:\/\/www.tsv-holzerode.de\/wp-content\/uploads\/2023\/06\/IMG-20230619-WA0068.jpg 2048w, https:\/\/www.tsv-holzerode.de\/wp-content\/uploads\/2023\/06\/IMG-20230619-WA0068-300x225.jpg 300w, https:\/\/www.tsv-holzerode.de\/wp-content\/uploads\/2023\/06\/IMG-20230619-WA0068-1024x768.jpg 1024w, https:\/\/www.tsv-holzerode.de\/wp-content\/uploads\/2023\/06\/IMG-20230619-WA0068-768x576.jpg 768w, https:\/\/www.tsv-holzerode.de\/wp-content\/uploads\/2023\/06\/IMG-20230619-WA0068-1536x1152.jpg 1536w\" sizes=\"auto, (max-width: 767px) 89vw, (max-width: 1000px) 54vw, (max-width: 1071px) 543px, 580px\" \/><\/a><\/figure>\n\n\n\n<figure class=\"wp-block-image size-full\"><a href=\"https:\/\/www.tsv-holzerode.de\/wp-content\/uploads\/2023\/06\/IMG-20230619-WA0070.jpg\" target=\"_blank\" rel=\"noopener\"><img loading=\"lazy\" decoding=\"async\" width=\"1536\" height=\"2048\" data-id=\"3845\" src=\"https:\/\/www.tsv-holzerode.de\/wp-content\/uploads\/2023\/06\/IMG-20230619-WA0070.jpg\" alt=\"\" class=\"wp-image-3845\" srcset=\"https:\/\/www.tsv-holzerode.de\/wp-content\/uploads\/2023\/06\/IMG-20230619-WA0070.jpg 1536w, https:\/\/www.tsv-holzerode.de\/wp-content\/uploads\/2023\/06\/IMG-20230619-WA0070-225x300.jpg 225w, https:\/\/www.tsv-holzerode.de\/wp-content\/uploads\/2023\/06\/IMG-20230619-WA0070-768x1024.jpg 768w, https:\/\/www.tsv-holzerode.de\/wp-content\/uploads\/2023\/06\/IMG-20230619-WA0070-1152x1536.jpg 1152w\" sizes=\"auto, (max-width: 767px) 89vw, (max-width: 1000px) 54vw, (max-width: 1071px) 543px, 580px\" \/><\/a><\/figure>\n\n\n\n<figure class=\"wp-block-image size-full\"><a href=\"https:\/\/www.tsv-holzerode.de\/wp-content\/uploads\/2023\/06\/IMG-20230619-WA0072.jpg\" target=\"_blank\" rel=\"noopener\"><img loading=\"lazy\" decoding=\"async\" width=\"1536\" height=\"2048\" data-id=\"3848\" src=\"https:\/\/www.tsv-holzerode.de\/wp-content\/uploads\/2023\/06\/IMG-20230619-WA0072.jpg\" alt=\"\" class=\"wp-image-3848\" srcset=\"https:\/\/www.tsv-holzerode.de\/wp-content\/uploads\/2023\/06\/IMG-20230619-WA0072.jpg 1536w, https:\/\/www.tsv-holzerode.de\/wp-content\/uploads\/2023\/06\/IMG-20230619-WA0072-225x300.jpg 225w, https:\/\/www.tsv-holzerode.de\/wp-content\/uploads\/2023\/06\/IMG-20230619-WA0072-768x1024.jpg 768w, https:\/\/www.tsv-holzerode.de\/wp-content\/uploads\/2023\/06\/IMG-20230619-WA0072-1152x1536.jpg 1152w\" sizes=\"auto, (max-width: 767px) 89vw, (max-width: 1000px) 54vw, (max-width: 1071px) 543px, 580px\" \/><\/a><\/figure>\n\n\n\n<figure class=\"wp-block-image size-full\"><a href=\"https:\/\/www.tsv-holzerode.de\/wp-content\/uploads\/2023\/06\/IMG-20230619-WA0074.jpg\" target=\"_blank\" rel=\"noopener\"><img loading=\"lazy\" decoding=\"async\" width=\"1536\" height=\"2048\" data-id=\"3846\" src=\"https:\/\/www.tsv-holzerode.de\/wp-content\/uploads\/2023\/06\/IMG-20230619-WA0074.jpg\" alt=\"\" class=\"wp-image-3846\" srcset=\"https:\/\/www.tsv-holzerode.de\/wp-content\/uploads\/2023\/06\/IMG-20230619-WA0074.jpg 1536w, https:\/\/www.tsv-holzerode.de\/wp-content\/uploads\/2023\/06\/IMG-20230619-WA0074-225x300.jpg 225w, https:\/\/www.tsv-holzerode.de\/wp-content\/uploads\/2023\/06\/IMG-20230619-WA0074-768x1024.jpg 768w, https:\/\/www.tsv-holzerode.de\/wp-content\/uploads\/2023\/06\/IMG-20230619-WA0074-1152x1536.jpg 1152w\" sizes=\"auto, (max-width: 767px) 89vw, (max-width: 1000px) 54vw, (max-width: 1071px) 543px, 580px\" \/><\/a><\/figure>\n\n\n\n<figure class=\"wp-block-image size-full\"><a href=\"https:\/\/www.tsv-holzerode.de\/wp-content\/uploads\/2023\/06\/IMG-20230619-WA0079.jpg\" target=\"_blank\" rel=\"noopener\"><img loading=\"lazy\" decoding=\"async\" width=\"2048\" height=\"1536\" data-id=\"3844\" src=\"https:\/\/www.tsv-holzerode.de\/wp-content\/uploads\/2023\/06\/IMG-20230619-WA0079.jpg\" alt=\"\" class=\"wp-image-3844\" srcset=\"https:\/\/www.tsv-holzerode.de\/wp-content\/uploads\/2023\/06\/IMG-20230619-WA0079.jpg 2048w, https:\/\/www.tsv-holzerode.de\/wp-content\/uploads\/2023\/06\/IMG-20230619-WA0079-300x225.jpg 300w, https:\/\/www.tsv-holzerode.de\/wp-content\/uploads\/2023\/06\/IMG-20230619-WA0079-1024x768.jpg 1024w, https:\/\/www.tsv-holzerode.de\/wp-content\/uploads\/2023\/06\/IMG-20230619-WA0079-768x576.jpg 768w, https:\/\/www.tsv-holzerode.de\/wp-content\/uploads\/2023\/06\/IMG-20230619-WA0079-1536x1152.jpg 1536w\" sizes=\"auto, (max-width: 767px) 89vw, (max-width: 1000px) 54vw, (max-width: 1071px) 543px, 580px\" \/><\/a><\/figure>\n\n\n\n<figure class=\"wp-block-image size-full\"><a href=\"https:\/\/www.tsv-holzerode.de\/wp-content\/uploads\/2023\/06\/IMG-20230619-WA0080.jpg\" target=\"_blank\" rel=\"noopener\"><img loading=\"lazy\" decoding=\"async\" width=\"2048\" height=\"1536\" data-id=\"3852\" src=\"https:\/\/www.tsv-holzerode.de\/wp-content\/uploads\/2023\/06\/IMG-20230619-WA0080.jpg\" alt=\"\" class=\"wp-image-3852\" srcset=\"https:\/\/www.tsv-holzerode.de\/wp-content\/uploads\/2023\/06\/IMG-20230619-WA0080.jpg 2048w, https:\/\/www.tsv-holzerode.de\/wp-content\/uploads\/2023\/06\/IMG-20230619-WA0080-300x225.jpg 300w, https:\/\/www.tsv-holzerode.de\/wp-content\/uploads\/2023\/06\/IMG-20230619-WA0080-1024x768.jpg 1024w, https:\/\/www.tsv-holzerode.de\/wp-content\/uploads\/2023\/06\/IMG-20230619-WA0080-768x576.jpg 768w, https:\/\/www.tsv-holzerode.de\/wp-content\/uploads\/2023\/06\/IMG-20230619-WA0080-1536x1152.jpg 1536w\" sizes=\"auto, (max-width: 767px) 89vw, (max-width: 1000px) 54vw, (max-width: 1071px) 543px, 580px\" \/><\/a><\/figure>\n\n\n\n<figure class=\"wp-block-image size-full\"><a href=\"https:\/\/www.tsv-holzerode.de\/wp-content\/uploads\/2023\/06\/IMG-20230619-WA0082.jpg\" target=\"_blank\" rel=\"noopener\"><img loading=\"lazy\" decoding=\"async\" width=\"2048\" height=\"1536\" data-id=\"3849\" src=\"https:\/\/www.tsv-holzerode.de\/wp-content\/uploads\/2023\/06\/IMG-20230619-WA0082.jpg\" alt=\"\" class=\"wp-image-3849\" srcset=\"https:\/\/www.tsv-holzerode.de\/wp-content\/uploads\/2023\/06\/IMG-20230619-WA0082.jpg 2048w, https:\/\/www.tsv-holzerode.de\/wp-content\/uploads\/2023\/06\/IMG-20230619-WA0082-300x225.jpg 300w, https:\/\/www.tsv-holzerode.de\/wp-content\/uploads\/2023\/06\/IMG-20230619-WA0082-1024x768.jpg 1024w, https:\/\/www.tsv-holzerode.de\/wp-content\/uploads\/2023\/06\/IMG-20230619-WA0082-768x576.jpg 768w, https:\/\/www.tsv-holzerode.de\/wp-content\/uploads\/2023\/06\/IMG-20230619-WA0082-1536x1152.jpg 1536w\" sizes=\"auto, (max-width: 767px) 89vw, (max-width: 1000px) 54vw, (max-width: 1071px) 543px, 580px\" \/><\/a><\/figure>\n<\/figure>\n","protected":false},"excerpt":{"rendered":"<p>Bei bestem Tenniswetter fand am Samstag der Tennis-Sommertag der Tennisabteilung statt. Zu Gast waren Hannah und Jannis vom Tennisverband Niedersachsen-Bremen. In ihrem Tennis-Mobil haben sie viele Trainingsger\u00e4te und Spielformen f\u00fcr die Kinder, welche das Tennistraining besuchen, mitgebracht. Den Kindern hat das besondere Training sehr viel Spa\u00df gemacht. Viele Eltern, Vereins- und Abteilungsmitglieder haben sich das &hellip; <\/p>\n<p class=\"link-more\"><a href=\"https:\/\/www.tsv-holzerode.de\/?p=3842\" class=\"more-link\"><span class=\"screen-reader-text\">\u201eTennis-Sommertag 2023\u201c <\/span>weiterlesen<\/a><\/p>\n","protected":false},"author":1,"featured_media":0,"comment_status":"closed","ping_status":"open","sticky":false,"template":"","format":"standard","meta":{"footnotes":""},"categories":[4],"tags":[],"class_list":["post-3842","post","type-post","status-publish","format-standard","hentry","category-news"],"_links":{"self":[{"href":"https:\/\/www.tsv-holzerode.de\/index.php?rest_route=\/wp\/v2\/posts\/3842","targetHints":{"allow":["GET"]}}],"collection":[{"href":"https:\/\/www.tsv-holzerode.de\/index.php?rest_route=\/wp\/v2\/posts"}],"about":[{"href":"https:\/\/www.tsv-holzerode.de\/index.php?rest_route=\/wp\/v2\/types\/post"}],"author":[{"embeddable":true,"href":"https:\/\/www.tsv-holzerode.de\/index.php?rest_route=\/wp\/v2\/users\/1"}],"replies":[{"embeddable":true,"href":"https:\/\/www.tsv-holzerode.de\/index.php?rest_route=%2Fwp%2Fv2%2Fcomments&post=3842"}],"version-history":[{"count":4,"href":"https:\/\/www.tsv-holzerode.de\/index.php?rest_route=\/wp\/v2\/posts\/3842\/revisions"}],"predecessor-version":[{"id":3856,"href":"https:\/\/www.tsv-holzerode.de\/index.php?rest_route=\/wp\/v2\/posts\/3842\/revisions\/3856"}],"wp:attachment":[{"href":"https:\/\/www.tsv-holzerode.de\/index.php?rest_route=%2Fwp%2Fv2%2Fmedia&parent=3842"}],"wp:term":[{"taxonomy":"category","embeddable":true,"href":"https:\/\/www.tsv-holzerode.de\/index.php?rest_route=%2Fwp%2Fv2%2Fcategories&post=3842"},{"taxonomy":"post_tag","embeddable":true,"href":"https:\/\/www.tsv-holzerode.de\/index.php?rest_route=%2Fwp%2Fv2%2Ftags&post=3842"}],"curies":[{"name":"wp","href":"https:\/\/api.w.org\/{rel}","templated":true}]}}